{"id":4303,"date":"2021-11-24T10:12:46","date_gmt":"2021-11-24T15:12:46","guid":{"rendered":"https:\/\/fundacionnuevohorizonte.edu.co\/?p=4303"},"modified":"2021-12-06T13:35:31","modified_gmt":"2021-12-06T18:35:31","slug":"capacitacion-para-la-formacion-de-lideres-de-equipos-comunitarios-de-respuesta-a-emergencia-y-desastres","status":"publish","type":"post","link":"https:\/\/fundacionnuevohorizonte.edu.co\/index.php\/2021\/11\/24\/capacitacion-para-la-formacion-de-lideres-de-equipos-comunitarios-de-respuesta-a-emergencia-y-desastres\/","title":{"rendered":"Capacitaci\u00f3n para la formaci\u00f3n de lideres de equipos comunitarios de respuesta a Emergencia y Desastres."},"content":{"rendered":"\t\t<div data-elementor-type=\"wp-post\" data-elementor-id=\"4303\" class=\"elementor elementor-4303\" data-elementor-settings=\"[]\">\n\t\t\t\t\t\t\t<div class=\"elementor-section-wrap\">\n\t\t\t\t\t\t\t<section class=\"elementor-section elementor-top-section elementor-element elementor-element-7cd69e9 elementor-section-boxed elementor-section-height-default elementor-section-height-default\" data-id=\"7cd69e9\" data-element_type=\"section\">\n\t\t\t\t\t\t<div class=\"elementor-container elementor-column-gap-default\">\n\t\t\t\t\t<div class=\"elementor-column elementor-col-100 elementor-top-column elementor-element elementor-element-b3836e1\" data-id=\"b3836e1\" data-element_type=\"column\">\n\t\t\t<div class=\"elementor-widget-wrap elementor-element-populated\">\n\t\t\t\t\t\t\t\t<div class=\"elementor-element elementor-element-e9830ef elementor-widget elementor-widget-heading\" data-id=\"e9830ef\" data-element_type=\"widget\" data-widget_type=\"heading.default\">\n\t\t\t\t<div class=\"elementor-widget-container\">\n\t\t\t<h4 class=\"elementor-heading-title elementor-size-default\">Capacitaci\u00f3n para la formaci\u00f3n de lideres de equipos comunitarios de respuesta a Emergencia y Desastres<\/h4>\t\t<\/div>\n\t\t\t\t<\/div>\n\t\t\t\t<div class=\"elementor-element elementor-element-b6800cf elementor-widget elementor-widget-text-editor\" data-id=\"b6800cf\" data-element_type=\"widget\" data-widget_type=\"text-editor.default\">\n\t\t\t\t<div class=\"elementor-widget-container\">\n\t\t\t\t\t\t\t<p>Realizamos talleres de capacitaci\u00f3n e instrucci\u00f3n a Brigadistas de 149 Instituciones Educativas del Valle del Cauca en actividades como Seguridad en Incendios y Atenci\u00f3n Medica.<\/p><p>Fomentamos la formaci\u00f3n de lideres de equipos comunitarios de respuesta a Emergencia y Desastres (ECRED) como un programa que prioriza comunidades seguras y preparadas y con mayor capacidad de respuesta cuando ocurran incidentes. Cada participante recibi\u00f3 el certificado de asistencia. El proceso hace parte del Proyecto de Actualizaci\u00f3n del Sistema de Gesti\u00f3n de SST en la comunidad educativa de la regi\u00f3n.<\/p>\t\t\t\t\t\t<\/div>\n\t\t\t\t<\/div>\n\t\t\t\t\t<\/div>\n\t\t<\/div>\n\t\t\t\t\t\t\t<\/div>\n\t\t<\/section>\n\t\t\t\t\t\t<\/div>\n\t\t\t\t\t<\/div>\n\t\t","protected":false},"excerpt":{"rendered":"<p>Capacitaci\u00f3n para la formaci\u00f3n de lideres de equipos comunitarios de respuesta a Emergencia y Desastres Realizamos talleres de capacitaci\u00f3n e instrucci\u00f3n a Brigadistas de 149 Instituciones Educativas del Valle del Cauca en actividades como Seguridad en Incendios y Atenci\u00f3n Medica. Fomentamos la formaci\u00f3n de lideres de equipos comunitarios de respuesta a Emergencia y Desastres (ECRED) &hellip;<\/p>\n<p class=\"read-more\"> <a class=\"\" href=\"https:\/\/fundacionnuevohorizonte.edu.co\/index.php\/2021\/11\/24\/capacitacion-para-la-formacion-de-lideres-de-equipos-comunitarios-de-respuesta-a-emergencia-y-desastres\/\"> <span class=\"screen-reader-text\">Capacitaci\u00f3n para la formaci\u00f3n de lideres de equipos comunitarios de respuesta a Emergencia y Desastres.<\/span> Leer m\u00e1s &raquo;<\/a><\/p>\n","protected":false},"author":2,"featured_media":4428,"comment_status":"closed","ping_status":"closed","sticky":false,"template":"","format":"standard","meta":{"site-sidebar-layout":"default","site-content-layout":"default","ast-main-header-display":"","ast-hfb-above-header-display":"","ast-hfb-below-header-display":"","ast-hfb-mobile-header-display":"","site-post-title":"disabled","ast-breadcrumbs-content":"","ast-featured-img":"","footer-sml-layout":"","theme-transparent-header-meta":"default","adv-header-id-meta":"","stick-header-meta":"","header-above-stick-meta":"","header-main-stick-meta":"","header-below-stick-meta":"","footnotes":""},"categories":[1],"tags":[],"class_list":["post-4303","post","type-post","status-publish","format-standard","has-post-thumbnail","hentry","category-sin-categoria"],"_links":{"self":[{"href":"https:\/\/fundacionnuevohorizonte.edu.co\/index.php\/wp-json\/wp\/v2\/posts\/4303","targetHints":{"allow":["GET"]}}],"collection":[{"href":"https:\/\/fundacionnuevohorizonte.edu.co\/index.php\/wp-json\/wp\/v2\/posts"}],"about":[{"href":"https:\/\/fundacionnuevohorizonte.edu.co\/index.php\/wp-json\/wp\/v2\/types\/post"}],"author":[{"embeddable":true,"href":"https:\/\/fundacionnuevohorizonte.edu.co\/index.php\/wp-json\/wp\/v2\/users\/2"}],"replies":[{"embeddable":true,"href":"https:\/\/fundacionnuevohorizonte.edu.co\/index.php\/wp-json\/wp\/v2\/comments?post=4303"}],"version-history":[{"count":16,"href":"https:\/\/fundacionnuevohorizonte.edu.co\/index.php\/wp-json\/wp\/v2\/posts\/4303\/revisions"}],"predecessor-version":[{"id":4528,"href":"https:\/\/fundacionnuevohorizonte.edu.co\/index.php\/wp-json\/wp\/v2\/posts\/4303\/revisions\/4528"}],"wp:featuredmedia":[{"embeddable":true,"href":"https:\/\/fundacionnuevohorizonte.edu.co\/index.php\/wp-json\/wp\/v2\/media\/4428"}],"wp:attachment":[{"href":"https:\/\/fundacionnuevohorizonte.edu.co\/index.php\/wp-json\/wp\/v2\/media?parent=4303"}],"wp:term":[{"taxonomy":"category","embeddable":true,"href":"https:\/\/fundacionnuevohorizonte.edu.co\/index.php\/wp-json\/wp\/v2\/categories?post=4303"},{"taxonomy":"post_tag","embeddable":true,"href":"https:\/\/fundacionnuevohorizonte.edu.co\/index.php\/wp-json\/wp\/v2\/tags?post=4303"}],"curies":[{"name":"wp","href":"https:\/\/api.w.org\/{rel}","templated":true}]}}