{"id":4297,"date":"2021-11-24T10:11:58","date_gmt":"2021-11-24T15:11:58","guid":{"rendered":"https:\/\/fundacionnuevohorizonte.edu.co\/?p=4297"},"modified":"2021-12-06T14:09:02","modified_gmt":"2021-12-06T19:09:02","slug":"en-el-departamento-de-narino-estamos-comprometido-con-la-educacion-inclusiva","status":"publish","type":"post","link":"https:\/\/fundacionnuevohorizonte.edu.co\/index.php\/2021\/11\/24\/en-el-departamento-de-narino-estamos-comprometido-con-la-educacion-inclusiva\/","title":{"rendered":"En el Departamento de Nari\u00f1o estamos comprometido con la Educaci\u00f3n Inclusiva."},"content":{"rendered":"\t\t<div data-elementor-type=\"wp-post\" data-elementor-id=\"4297\" class=\"elementor elementor-4297\" data-elementor-settings=\"[]\">\n\t\t\t\t\t\t\t<div class=\"elementor-section-wrap\">\n\t\t\t\t\t\t\t<section class=\"elementor-section elementor-top-section elementor-element elementor-element-af904de elementor-section-boxed elementor-section-height-default elementor-section-height-default\" data-id=\"af904de\" data-element_type=\"section\">\n\t\t\t\t\t\t<div class=\"elementor-container elementor-column-gap-default\">\n\t\t\t\t\t<div class=\"elementor-column elementor-col-100 elementor-top-column elementor-element elementor-element-fffa6d9\" data-id=\"fffa6d9\" data-element_type=\"column\">\n\t\t\t<div class=\"elementor-widget-wrap elementor-element-populated\">\n\t\t\t\t\t\t\t\t<div class=\"elementor-element elementor-element-bc6e2cc elementor-widget elementor-widget-heading\" data-id=\"bc6e2cc\" data-element_type=\"widget\" data-widget_type=\"heading.default\">\n\t\t\t\t<div class=\"elementor-widget-container\">\n\t\t\t<h4 class=\"elementor-heading-title elementor-size-default\">En el Departamento de Nari\u00f1o estamos comprometido con la Educaci\u00f3n Inclusiva.<\/h4>\t\t<\/div>\n\t\t\t\t<\/div>\n\t\t\t\t<div class=\"elementor-element elementor-element-e516abe elementor-widget elementor-widget-text-editor\" data-id=\"e516abe\" data-element_type=\"widget\" data-widget_type=\"text-editor.default\">\n\t\t\t\t<div class=\"elementor-widget-container\">\n\t\t\t\t\t\t\t<p>Realizamos acompa\u00f1amiento a la implementaci\u00f3n de planes individuales a 1.200 estudiantes con discapacidad, talentos excepcionales y trastornos espec\u00edficos en el aprendizaje escolar y el comportamiento.<\/p><p>En el a\u00f1o 2021 se orientan procesos de socializaci\u00f3n de la estrategia de atenci\u00f3n en Educaci\u00f3n Inclusiva a 300 Directivos Docentes y Docentes en territorio nari\u00f1ense facilitando el aprendizaje y la participaci\u00f3n de estudiantes de 150 Instituciones Educativas.<\/p>\t\t\t\t\t\t<\/div>\n\t\t\t\t<\/div>\n\t\t\t\t\t<\/div>\n\t\t<\/div>\n\t\t\t\t\t\t\t<\/div>\n\t\t<\/section>\n\t\t\t\t\t\t<\/div>\n\t\t\t\t\t<\/div>\n\t\t","protected":false},"excerpt":{"rendered":"<p>En el Departamento de Nari\u00f1o estamos comprometido con la Educaci\u00f3n Inclusiva. Realizamos acompa\u00f1amiento a la implementaci\u00f3n de planes individuales a 1.200 estudiantes con discapacidad, talentos excepcionales y trastornos espec\u00edficos en el aprendizaje escolar y el comportamiento. En el a\u00f1o 2021 se orientan procesos de socializaci\u00f3n de la estrategia de atenci\u00f3n en Educaci\u00f3n Inclusiva a 300 &hellip;<\/p>\n<p class=\"read-more\"> <a class=\"\" href=\"https:\/\/fundacionnuevohorizonte.edu.co\/index.php\/2021\/11\/24\/en-el-departamento-de-narino-estamos-comprometido-con-la-educacion-inclusiva\/\"> <span class=\"screen-reader-text\">En el Departamento de Nari\u00f1o estamos comprometido con la Educaci\u00f3n Inclusiva.<\/span> Leer m\u00e1s &raquo;<\/a><\/p>\n","protected":false},"author":2,"featured_media":4496,"comment_status":"closed","ping_status":"closed","sticky":false,"template":"","format":"standard","meta":{"site-sidebar-layout":"default","site-content-layout":"default","ast-main-header-display":"","ast-hfb-above-header-display":"","ast-hfb-below-header-display":"","ast-hfb-mobile-header-display":"","site-post-title":"disabled","ast-breadcrumbs-content":"","ast-featured-img":"","footer-sml-layout":"","theme-transparent-header-meta":"default","adv-header-id-meta":"","stick-header-meta":"","header-above-stick-meta":"","header-main-stick-meta":"","header-below-stick-meta":"","footnotes":""},"categories":[1],"tags":[],"class_list":["post-4297","post","type-post","status-publish","format-standard","has-post-thumbnail","hentry","category-sin-categoria"],"_links":{"self":[{"href":"https:\/\/fundacionnuevohorizonte.edu.co\/index.php\/wp-json\/wp\/v2\/posts\/4297","targetHints":{"allow":["GET"]}}],"collection":[{"href":"https:\/\/fundacionnuevohorizonte.edu.co\/index.php\/wp-json\/wp\/v2\/posts"}],"about":[{"href":"https:\/\/fundacionnuevohorizonte.edu.co\/index.php\/wp-json\/wp\/v2\/types\/post"}],"author":[{"embeddable":true,"href":"https:\/\/fundacionnuevohorizonte.edu.co\/index.php\/wp-json\/wp\/v2\/users\/2"}],"replies":[{"embeddable":true,"href":"https:\/\/fundacionnuevohorizonte.edu.co\/index.php\/wp-json\/wp\/v2\/comments?post=4297"}],"version-history":[{"count":8,"href":"https:\/\/fundacionnuevohorizonte.edu.co\/index.php\/wp-json\/wp\/v2\/posts\/4297\/revisions"}],"predecessor-version":[{"id":4557,"href":"https:\/\/fundacionnuevohorizonte.edu.co\/index.php\/wp-json\/wp\/v2\/posts\/4297\/revisions\/4557"}],"wp:featuredmedia":[{"embeddable":true,"href":"https:\/\/fundacionnuevohorizonte.edu.co\/index.php\/wp-json\/wp\/v2\/media\/4496"}],"wp:attachment":[{"href":"https:\/\/fundacionnuevohorizonte.edu.co\/index.php\/wp-json\/wp\/v2\/media?parent=4297"}],"wp:term":[{"taxonomy":"category","embeddable":true,"href":"https:\/\/fundacionnuevohorizonte.edu.co\/index.php\/wp-json\/wp\/v2\/categories?post=4297"},{"taxonomy":"post_tag","embeddable":true,"href":"https:\/\/fundacionnuevohorizonte.edu.co\/index.php\/wp-json\/wp\/v2\/tags?post=4297"}],"curies":[{"name":"wp","href":"https:\/\/api.w.org\/{rel}","templated":true}]}}