{"id":4293,"date":"2021-11-24T10:11:27","date_gmt":"2021-11-24T15:11:27","guid":{"rendered":"https:\/\/fundacionnuevohorizonte.edu.co\/?p=4293"},"modified":"2021-12-06T14:00:58","modified_gmt":"2021-12-06T19:00:58","slug":"fortalecimiento-de-la-atencion-en-educacion-inclusiva-en-el-valle-del-cauca","status":"publish","type":"post","link":"https:\/\/fundacionnuevohorizonte.edu.co\/index.php\/2021\/11\/24\/fortalecimiento-de-la-atencion-en-educacion-inclusiva-en-el-valle-del-cauca\/","title":{"rendered":"Fortalecimiento de la Atenci\u00f3n en Educaci\u00f3n Inclusiva en el Valle del Cauca."},"content":{"rendered":"\t\t<div data-elementor-type=\"wp-post\" data-elementor-id=\"4293\" class=\"elementor elementor-4293\" data-elementor-settings=\"[]\">\n\t\t\t\t\t\t\t<div class=\"elementor-section-wrap\">\n\t\t\t\t\t\t\t<section class=\"elementor-section elementor-top-section elementor-element elementor-element-073ad33 elementor-section-boxed elementor-section-height-default elementor-section-height-default\" data-id=\"073ad33\" data-element_type=\"section\">\n\t\t\t\t\t\t<div class=\"elementor-container elementor-column-gap-default\">\n\t\t\t\t\t<div class=\"elementor-column elementor-col-100 elementor-top-column elementor-element elementor-element-eea523e\" data-id=\"eea523e\" data-element_type=\"column\">\n\t\t\t<div class=\"elementor-widget-wrap elementor-element-populated\">\n\t\t\t\t\t\t\t\t<div class=\"elementor-element elementor-element-560941a elementor-widget elementor-widget-heading\" data-id=\"560941a\" data-element_type=\"widget\" data-widget_type=\"heading.default\">\n\t\t\t\t<div class=\"elementor-widget-container\">\n\t\t\t<h4 class=\"elementor-heading-title elementor-size-default\">Fortalecimiento de la Atenci\u00f3n en Educaci\u00f3n Inclusiva en el Valle del Cauca.<\/h4>\t\t<\/div>\n\t\t\t\t<\/div>\n\t\t\t\t<div class=\"elementor-element elementor-element-b4d9311 elementor-widget elementor-widget-text-editor\" data-id=\"b4d9311\" data-element_type=\"widget\" data-widget_type=\"text-editor.default\">\n\t\t\t\t<div class=\"elementor-widget-container\">\n\t\t\t\t\t\t\t<p>El proyecto atiende y brinda apoyo pedag\u00f3gico a poblaci\u00f3n estudiantil con necesidades educativas especiales (NEE) de 149 Instituciones Educativas Oficiales.<\/p><p>En la b\u00fasqueda de promover ambientes de aprendizaje adecuados para todas y todos, y la construcci\u00f3n de una sociedad equitativa implementamos, en la vigencia 2021, procesos educativos pertinentes, sin exclusi\u00f3n alguna, impactando positivamente a estudiantes con discapacidad, capacidades y\/o talentos excepcionales en los 34 municipios no certificados de la regi\u00f3n. Nuestro objetivo es garantizar los derechos para las personas con discapacidad en el reconocimiento de un desarrollo digno a nivel acad\u00e9mico y social.<\/p>\t\t\t\t\t\t<\/div>\n\t\t\t\t<\/div>\n\t\t\t\t\t<\/div>\n\t\t<\/div>\n\t\t\t\t\t\t\t<\/div>\n\t\t<\/section>\n\t\t\t\t\t\t<\/div>\n\t\t\t\t\t<\/div>\n\t\t","protected":false},"excerpt":{"rendered":"<p>Fortalecimiento de la Atenci\u00f3n en Educaci\u00f3n Inclusiva en el Valle del Cauca. El proyecto atiende y brinda apoyo pedag\u00f3gico a poblaci\u00f3n estudiantil con necesidades educativas especiales (NEE) de 149 Instituciones Educativas Oficiales. En la b\u00fasqueda de promover ambientes de aprendizaje adecuados para todas y todos, y la construcci\u00f3n de una sociedad equitativa implementamos, en la &hellip;<\/p>\n<p class=\"read-more\"> <a class=\"\" href=\"https:\/\/fundacionnuevohorizonte.edu.co\/index.php\/2021\/11\/24\/fortalecimiento-de-la-atencion-en-educacion-inclusiva-en-el-valle-del-cauca\/\"> <span class=\"screen-reader-text\">Fortalecimiento de la Atenci\u00f3n en Educaci\u00f3n Inclusiva en el Valle del Cauca.<\/span> Leer m\u00e1s &raquo;<\/a><\/p>\n","protected":false},"author":2,"featured_media":4435,"comment_status":"closed","ping_status":"closed","sticky":false,"template":"","format":"standard","meta":{"site-sidebar-layout":"default","site-content-layout":"default","ast-main-header-display":"","ast-hfb-above-header-display":"","ast-hfb-below-header-display":"","ast-hfb-mobile-header-display":"","site-post-title":"disabled","ast-breadcrumbs-content":"","ast-featured-img":"","footer-sml-layout":"","theme-transparent-header-meta":"default","adv-header-id-meta":"","stick-header-meta":"","header-above-stick-meta":"","header-main-stick-meta":"","header-below-stick-meta":"","footnotes":""},"categories":[1],"tags":[],"class_list":["post-4293","post","type-post","status-publish","format-standard","has-post-thumbnail","hentry","category-sin-categoria"],"_links":{"self":[{"href":"https:\/\/fundacionnuevohorizonte.edu.co\/index.php\/wp-json\/wp\/v2\/posts\/4293","targetHints":{"allow":["GET"]}}],"collection":[{"href":"https:\/\/fundacionnuevohorizonte.edu.co\/index.php\/wp-json\/wp\/v2\/posts"}],"about":[{"href":"https:\/\/fundacionnuevohorizonte.edu.co\/index.php\/wp-json\/wp\/v2\/types\/post"}],"author":[{"embeddable":true,"href":"https:\/\/fundacionnuevohorizonte.edu.co\/index.php\/wp-json\/wp\/v2\/users\/2"}],"replies":[{"embeddable":true,"href":"https:\/\/fundacionnuevohorizonte.edu.co\/index.php\/wp-json\/wp\/v2\/comments?post=4293"}],"version-history":[{"count":8,"href":"https:\/\/fundacionnuevohorizonte.edu.co\/index.php\/wp-json\/wp\/v2\/posts\/4293\/revisions"}],"predecessor-version":[{"id":4551,"href":"https:\/\/fundacionnuevohorizonte.edu.co\/index.php\/wp-json\/wp\/v2\/posts\/4293\/revisions\/4551"}],"wp:featuredmedia":[{"embeddable":true,"href":"https:\/\/fundacionnuevohorizonte.edu.co\/index.php\/wp-json\/wp\/v2\/media\/4435"}],"wp:attachment":[{"href":"https:\/\/fundacionnuevohorizonte.edu.co\/index.php\/wp-json\/wp\/v2\/media?parent=4293"}],"wp:term":[{"taxonomy":"category","embeddable":true,"href":"https:\/\/fundacionnuevohorizonte.edu.co\/index.php\/wp-json\/wp\/v2\/categories?post=4293"},{"taxonomy":"post_tag","embeddable":true,"href":"https:\/\/fundacionnuevohorizonte.edu.co\/index.php\/wp-json\/wp\/v2\/tags?post=4293"}],"curies":[{"name":"wp","href":"https:\/\/api.w.org\/{rel}","templated":true}]}}