{"id":4289,"date":"2021-11-24T10:11:00","date_gmt":"2021-11-24T15:11:00","guid":{"rendered":"https:\/\/fundacionnuevohorizonte.edu.co\/?p=4289"},"modified":"2021-12-06T13:59:25","modified_gmt":"2021-12-06T18:59:25","slug":"1815-estudiantes-con-capacidades-diversas-se-vincularon-a-procesos-formativos-en-el-departamento-del-cauca","status":"publish","type":"post","link":"https:\/\/fundacionnuevohorizonte.edu.co\/index.php\/2021\/11\/24\/1815-estudiantes-con-capacidades-diversas-se-vincularon-a-procesos-formativos-en-el-departamento-del-cauca\/","title":{"rendered":"1815 estudiantes con capacidades diversas se vincularon a procesos formativos en el Departamento del Cauca."},"content":{"rendered":"\t\t<div data-elementor-type=\"wp-post\" data-elementor-id=\"4289\" class=\"elementor elementor-4289\" data-elementor-settings=\"[]\">\n\t\t\t\t\t\t\t<div class=\"elementor-section-wrap\">\n\t\t\t\t\t\t\t<section class=\"elementor-section elementor-top-section elementor-element elementor-element-c80bc2f elementor-section-boxed elementor-section-height-default elementor-section-height-default\" data-id=\"c80bc2f\" data-element_type=\"section\">\n\t\t\t\t\t\t<div class=\"elementor-container elementor-column-gap-default\">\n\t\t\t\t\t<div class=\"elementor-column elementor-col-100 elementor-top-column elementor-element elementor-element-01a054b\" data-id=\"01a054b\" data-element_type=\"column\">\n\t\t\t<div class=\"elementor-widget-wrap elementor-element-populated\">\n\t\t\t\t\t\t\t\t<div class=\"elementor-element elementor-element-53b4033 elementor-widget elementor-widget-heading\" data-id=\"53b4033\" data-element_type=\"widget\" data-widget_type=\"heading.default\">\n\t\t\t\t<div class=\"elementor-widget-container\">\n\t\t\t<h4 class=\"elementor-heading-title elementor-size-default\">1815 estudiantes con capacidades diversas se vincularon a procesos formativos en el Departamento del Cauca.<\/h4>\t\t<\/div>\n\t\t\t\t<\/div>\n\t\t\t\t<div class=\"elementor-element elementor-element-3d2ca00 elementor-widget elementor-widget-text-editor\" data-id=\"3d2ca00\" data-element_type=\"widget\" data-widget_type=\"text-editor.default\">\n\t\t\t\t<div class=\"elementor-widget-container\">\n\t\t\t\t\t\t\t<p>Contribuimos al cierre de brechas en inequidad estimulando el aprendizaje de los estudiantes con capacidades diversas, basados en la caracterizaci\u00f3n pedag\u00f3gica y social.<\/p><p>En el Departamento del Cauca, 181 Instituciones Educativas se fortalecieron con asesor\u00eda y acompa\u00f1amiento en la implementaci\u00f3n de los Planes Individuales de acuerdo a los ajustes razonables (PIAR). De igual manera, cualificamos a 361 docentes en el dise\u00f1o, implementaci\u00f3n y evaluaci\u00f3n de pr\u00e1cticas pedag\u00f3gicas de inclusi\u00f3n, siendo certificados en Lengua de Se\u00f1as y recibiendo capacitaci\u00f3n en sistema Braille y Abaco.<\/p>\t\t\t\t\t\t<\/div>\n\t\t\t\t<\/div>\n\t\t\t\t\t<\/div>\n\t\t<\/div>\n\t\t\t\t\t\t\t<\/div>\n\t\t<\/section>\n\t\t\t\t\t\t<\/div>\n\t\t\t\t\t<\/div>\n\t\t","protected":false},"excerpt":{"rendered":"<p>1815 estudiantes con capacidades diversas se vincularon a procesos formativos en el Departamento del Cauca. Contribuimos al cierre de brechas en inequidad estimulando el aprendizaje de los estudiantes con capacidades diversas, basados en la caracterizaci\u00f3n pedag\u00f3gica y social. En el Departamento del Cauca, 181 Instituciones Educativas se fortalecieron con asesor\u00eda y acompa\u00f1amiento en la implementaci\u00f3n &hellip;<\/p>\n<p class=\"read-more\"> <a class=\"\" href=\"https:\/\/fundacionnuevohorizonte.edu.co\/index.php\/2021\/11\/24\/1815-estudiantes-con-capacidades-diversas-se-vincularon-a-procesos-formativos-en-el-departamento-del-cauca\/\"> <span class=\"screen-reader-text\">1815 estudiantes con capacidades diversas se vincularon a procesos formativos en el Departamento del Cauca.<\/span> Leer m\u00e1s &raquo;<\/a><\/p>\n","protected":false},"author":2,"featured_media":4494,"comment_status":"closed","ping_status":"closed","sticky":false,"template":"","format":"standard","meta":{"site-sidebar-layout":"default","site-content-layout":"default","ast-main-header-display":"","ast-hfb-above-header-display":"","ast-hfb-below-header-display":"","ast-hfb-mobile-header-display":"","site-post-title":"disabled","ast-breadcrumbs-content":"","ast-featured-img":"","footer-sml-layout":"","theme-transparent-header-meta":"default","adv-header-id-meta":"","stick-header-meta":"","header-above-stick-meta":"","header-main-stick-meta":"","header-below-stick-meta":"","footnotes":""},"categories":[1],"tags":[],"class_list":["post-4289","post","type-post","status-publish","format-standard","has-post-thumbnail","hentry","category-sin-categoria"],"_links":{"self":[{"href":"https:\/\/fundacionnuevohorizonte.edu.co\/index.php\/wp-json\/wp\/v2\/posts\/4289","targetHints":{"allow":["GET"]}}],"collection":[{"href":"https:\/\/fundacionnuevohorizonte.edu.co\/index.php\/wp-json\/wp\/v2\/posts"}],"about":[{"href":"https:\/\/fundacionnuevohorizonte.edu.co\/index.php\/wp-json\/wp\/v2\/types\/post"}],"author":[{"embeddable":true,"href":"https:\/\/fundacionnuevohorizonte.edu.co\/index.php\/wp-json\/wp\/v2\/users\/2"}],"replies":[{"embeddable":true,"href":"https:\/\/fundacionnuevohorizonte.edu.co\/index.php\/wp-json\/wp\/v2\/comments?post=4289"}],"version-history":[{"count":8,"href":"https:\/\/fundacionnuevohorizonte.edu.co\/index.php\/wp-json\/wp\/v2\/posts\/4289\/revisions"}],"predecessor-version":[{"id":4545,"href":"https:\/\/fundacionnuevohorizonte.edu.co\/index.php\/wp-json\/wp\/v2\/posts\/4289\/revisions\/4545"}],"wp:featuredmedia":[{"embeddable":true,"href":"https:\/\/fundacionnuevohorizonte.edu.co\/index.php\/wp-json\/wp\/v2\/media\/4494"}],"wp:attachment":[{"href":"https:\/\/fundacionnuevohorizonte.edu.co\/index.php\/wp-json\/wp\/v2\/media?parent=4289"}],"wp:term":[{"taxonomy":"category","embeddable":true,"href":"https:\/\/fundacionnuevohorizonte.edu.co\/index.php\/wp-json\/wp\/v2\/categories?post=4289"},{"taxonomy":"post_tag","embeddable":true,"href":"https:\/\/fundacionnuevohorizonte.edu.co\/index.php\/wp-json\/wp\/v2\/tags?post=4289"}],"curies":[{"name":"wp","href":"https:\/\/api.w.org\/{rel}","templated":true}]}}